{"id":398,"date":"2019-10-13T20:50:36","date_gmt":"2019-10-13T20:50:36","guid":{"rendered":"https:\/\/flexitcs.net\/?p=398"},"modified":"2020-02-11T21:51:10","modified_gmt":"2020-02-11T21:51:10","slug":"mobilfunkgeneration-5g-eine-ubersicht","status":"publish","type":"post","link":"https:\/\/flexitcs.net\/index.php\/mobilfunkgeneration-5g-eine-ubersicht\/","title":{"rendered":"Digitalisierung kompakt: Mobilfunkgeneration 5G"},"content":{"rendered":"\n<p>Der kommende Mobilfunkstandard, die Mobilfunkgeneration 5G, wird &#8211; obwohl derzeit noch gar nicht verf\u00fcgbar &#8211; zwischen Bef\u00fcrwortern und Gegnern bereits heftig diskutiert. <strong>Was <\/strong>genau ist 5G, <strong>Warum<\/strong> ist 5G wichtig und <strong>Wie <\/strong>wird 5G umgesetzt?<\/p>\n\n\n\n<p>Eine Einordnung der wichtigsten Begriffe, Fakten und aktuellen Trends.<\/p>\n\n\n\n<figure class=\"wp-block-image\"><img loading=\"lazy\" decoding=\"async\" width=\"1024\" height=\"128\" src=\"https:\/\/flexitcs.net\/wp-content\/uploads\/2019\/10\/what-1024x128.jpg\" alt=\"\" class=\"wp-image-395\" srcset=\"https:\/\/flexitcs.net\/wp-content\/uploads\/2019\/10\/what.jpg 1024w, https:\/\/flexitcs.net\/wp-content\/uploads\/2019\/10\/what-300x38.jpg 300w, https:\/\/flexitcs.net\/wp-content\/uploads\/2019\/10\/what-768x96.jpg 768w, https:\/\/flexitcs.net\/wp-content\/uploads\/2019\/10\/what-720x90.jpg 720w\" sizes=\"auto, (max-width: 1024px) 100vw, 1024px\" \/><\/figure>\n\n\n\n<h3 class=\"wp-block-heading\">Was: Mobilfunkgeneration 5G?<\/h3>\n\n\n\n<p>5G ist der kommende Mobilfunkstandard und damit &#8211; nach den Vorg\u00e4ngern analoge Sprach\u00fcbertragung (1G), GSM (2G, 1990), UMTS (3G, 2000) und  LTE (4G, 2010) &#8211; die <strong>f\u00fcnfte Generation<\/strong> des Mobilfunktechnik. Wie jede der vorangegangen Generationen ist auch 5G eine technologische Innovation, die noch h\u00f6here \u00dcbertragungsraten beim mobilen Surfen erm\u00f6glicht &#8211; im Falle von 5G zehn bis 100-mal schneller als LTE. Im besten Fall soll der zuk\u00fcnftige Mobilfunkstandard eine Bandbreite von bis zu 10 GBit\/s haben. <\/p>\n\n\n\n<p>Kennzeichnend des 5G-Standards ist jedoch vor allem die besonders geringe <strong>Latenzzeit<\/strong> von weniger als einer Millisekunde. Im Vergleich: beim 3G-Standard betr\u00e4gt die mittlere Latenzzeit 100 Millisekunden, beim 4G-Standard noch immer 50 Millisekunden. Ein weiterer Vorteil gegen\u00fcber den Vorg\u00e4ngerstandards ist die gr\u00f6\u00dfere Anzahl an Endger\u00e4ten, die in einem Netz versorgt werden k\u00f6nnen.<\/p>\n\n\n\n<p>Auf der Negativseite von 5G steht ein deutlich h\u00f6herer Bedarf an Sendeanlagen pro abzudeckendem Gebiet, da die Mobilfunkzellen kleiner als bei 4G ausfallen, sowie ein potenziell gr\u00f6\u00dferes Gesundheitsrisiko auf Grund der verwendeten h\u00f6heren Frequenzb\u00e4nder.<\/p>\n\n\n\n<p>Derzeit befindet sich 5G noch in einer <strong>Planungs- und Testphase <\/strong>und ist aktuell auch noch nicht vollst\u00e4ndig ausstandardisiert. Zwar wurde mit Release 15 (Dezember 2018) durch die Standardisierungsorganisation <a rel=\"noreferrer noopener\" href=\"https:\/\/www.3gpp.org\/\" target=\"_blank\">3GPP<\/a> eine erste Standardversion mit 5G-Funktionen ver\u00f6ffentlicht. Weitere 5G-Funktionen sind jedoch erst in dem f\u00fcr 2020 geplantem Release 16 resp. in dem f\u00fcr 2021 geplantem Folgerelease 17 enthalten. Entsprechend sind bisher im Handel auch kaum 5G-Endger\u00e4te verf\u00fcgbar und es gibt &#8211; abgesehen von einzelnen Testinstallationen &#8211; auch noch keine nennenswerten 5G-Netze.<\/p>\n\n\n\n<p>Nichtsdestotrotz ist die Umsetzung von mobilen 5G-Breitbandnetzen im Regelbetrieb in europ\u00e4ischen L\u00e4ndern ab 2020 fest eingeplant. Ausger\u00fcstet werden dabei voraussichtlich zun\u00e4chst Hauptverkehrswege, gro\u00dfe St\u00e4dte sowie Industrieanlagen (Campusnetze). Mit einer sofortigen umfassenden Marktf\u00fchrung f\u00fcr herk\u00f6mmliche Mobilfunkkunden resp. einer Fl\u00e4chenversorgung ist dabei wohl eher nicht zu rechnen.<\/p>\n\n\n\n<p>So wird der aktuelle Standard 4G &#8211; trotz seines leistungsf\u00e4higeren Nachfolgers &#8211; also auch noch weiterhin eine wichtige Rolle f\u00fcr den Mobilfunk spielen. F\u00fcr den \u00e4lteren 3G\/UMTS-Standard ist dagegen &#8211; parallel zu Einf\u00fchrung von 5G &#8211; sehr wohl eine <strong>schrittweise Abschaltung<\/strong> ab 2020 zu erwarten, da die derzeit von 3G belegten Frequenzen f\u00fcr den Aus- resp. Aufbau der 4G\/LTE- und 5G-Netze ben\u00f6tigt werden. Der konkrete Zeitplan f\u00fcr die Abschaltung variiert von Land zu Land und von Mobilfunkbetreiber zu Mobilfunkbetreiber. Betroffen von der Abschaltung sind Firmen, Organisationen und Privatpersonen, die Handys, Router und Modems im Einsatz haben, die als h\u00f6chsten Standard lediglich 3G unterst\u00fctzen &#8211; die Ger\u00e4te werden in Regionen mit abgeschaltetem 3G-Netz nicht mehr funktionieren resp. auf das deutlich weniger leistungsf\u00e4hige 2G-Netz zur\u00fcckfallen. Die mobile Internet-Nutzung ist dann faktisch nicht mehr m\u00f6glich.<\/p>\n\n\n\n<p>Die Geschwindigkeit, mit der 5G eingef\u00fchrt werden kann, wird auch von der (politischen) Frage abh\u00e4ngen, ob Technik des chinesischen Herstellers <a class=\"ek-link\" href=\"https:\/\/www.huawei.com\/en\/\">Huawei<\/a> eingesetzt wird. 5G-Netze werden idealerweise auf bestehende 4G-Infrastruktur (LTE) aufgesetzt, die vielfach auf  Huawei-Technik basieren.  M\u00fcsste man die Huawei-Technik zuerst von den jeweiligen Standorten entfernen und komplett durch neue Netztechnik anderer Netzwerkausr\u00fcster ersetzen, w\u00e4re dies entsprechend teurer und zeitaufwendiger als eine einfache Umr\u00fcstung der vorhandenen Standorte.<\/p>\n\n\n\n<figure class=\"wp-block-image\"><img loading=\"lazy\" decoding=\"async\" width=\"1024\" height=\"128\" src=\"https:\/\/flexitcs.net\/wp-content\/uploads\/2019\/10\/why-1024x128.jpg\" alt=\"\" class=\"wp-image-393\" srcset=\"https:\/\/flexitcs.net\/wp-content\/uploads\/2019\/10\/why.jpg 1024w, https:\/\/flexitcs.net\/wp-content\/uploads\/2019\/10\/why-300x38.jpg 300w, https:\/\/flexitcs.net\/wp-content\/uploads\/2019\/10\/why-768x96.jpg 768w, https:\/\/flexitcs.net\/wp-content\/uploads\/2019\/10\/why-720x90.jpg 720w\" sizes=\"auto, (max-width: 1024px) 100vw, 1024px\" \/><\/figure>\n\n\n\n<h3 class=\"wp-block-heading\">Warum: Mobilfunkgeneration 5G?<\/h3>\n\n\n\n<p>Die herausragende Eigenschaft des 5G-Standards ist die besonders geringe Latenzzeit von weniger als einer Millisekunde. Daraus ergibt sich die M\u00f6glichkeit von <strong>verteilten Echtzeitanwendungen, <\/strong>die mit den Vorg\u00e4nger-Standards in dieser Form noch nicht m\u00f6glich waren.<\/p>\n\n\n\n<p>Potenzielle Anwendungsgebiete sind u.a.:<\/p>\n\n\n\n<ul class=\"wp-block-list\"><li> Telemedizin: ferngesteuerte chirurgische Eingriffe an Patienten, die auf Grund der gro\u00dfen Entfernung oder anderer Gr\u00fcnde nicht (schnell genug) in zentrale Krankenh\u00e4user gebracht werden k\u00f6nnen<\/li><li>autonome Fahrzeuge, die untereinander in Echtzeit kommunizieren (Car-to-Car-Kommunikation an Kreuzungen und vor Hindernissen)<\/li><li>autonome Fahrzeuge, die unter widrigen Sichtbedingungen betrieben werden (Car-to-X-Kommunikation)<\/li><li>Echtzeit-Steuerungen in Landwirtschaft, Industrie und Verkehr<\/li><li>Cobots in Fertigungsstra\u00dfen<\/li><li> VR-Anwendungen (Virtuelle Realit\u00e4t) und Online-Spiele<\/li><\/ul>\n\n\n\n<p>Durch die h\u00f6here Anzahl an einbindbaren Endger\u00e4te pro Funkzelle wird zudem die allgemeine Vernetzung und damit der Ausbau des <a class=\"ek-link\" href=\"https:\/\/flexitcs.net\/index.php\/internet-of-things-eine-ubersicht\/\">Internet of Things (IIoT\/IoT)<\/a> gef\u00f6rdert resp. erst erm\u00f6glicht. Der Anzahl der zuk\u00fcnftig miteinander vernetzten Ger\u00e4te wird je nach Quelle mit bis zu 50 Milliarden Ger\u00e4ten angegeben. Dabei ist jedoch zu beachten, dass diese Ger\u00e4te nicht  ausschlie\u00dflich \u00fcber 5G  sondern auch \u00fcber andere Techniken (WLAN, Ethernet, LPWAN) angebunden sein werden. <\/p>\n\n\n\n<p>Ein Vorteil gegen\u00fcber fr\u00fcheren Mobilfunkstandards im Kontext von <a class=\"ek-link\" href=\"https:\/\/flexitcs.net\/index.php\/internet-of-things-eine-ubersicht\/\">IoT<\/a> ist die vergleichsweise h\u00f6here <strong>Energieeffizienz <\/strong>von 5G. Damit werden die Batterien der Endger\u00e4te (IoT-Devices) geschont. Dieser Vorteil ist insbesondere f\u00fcr IoT-Ger\u00e4te, die r\u00e4umlich weit auseinander positioniert werden und\/oder einbautechnisch schwer zu  erreichen sind, von Bedeutung. In absoluten Zahlen wird sich der <strong>Energiekonsum<\/strong> mit der Einf\u00fchrung von 5G durch die gr\u00f6\u00dfere Anzahl an verbundenen Ger\u00e4ten allerdings weiter erh\u00f6hen. <\/p>\n\n\n\n<p>5G wird dar\u00fcber hinaus als  zentrale Infrastruktur f\u00fcr den kommerziellen Einsatz von <strong>Drohnen <\/strong>betrachtet, mit Hilfe derer autonom fliegenden Lufttaxis zuk\u00fcnftig u.a. zentimetergenaue Starts und Landungen sowie ein unfallfreier Flug m\u00f6glich sein werden.<\/p>\n\n\n\n<figure class=\"wp-block-image\"><img loading=\"lazy\" decoding=\"async\" width=\"1024\" height=\"128\" src=\"https:\/\/flexitcs.net\/wp-content\/uploads\/2019\/10\/how-1024x128.jpg\" alt=\"\" class=\"wp-image-394\" srcset=\"https:\/\/flexitcs.net\/wp-content\/uploads\/2019\/10\/how.jpg 1024w, https:\/\/flexitcs.net\/wp-content\/uploads\/2019\/10\/how-300x38.jpg 300w, https:\/\/flexitcs.net\/wp-content\/uploads\/2019\/10\/how-768x96.jpg 768w, https:\/\/flexitcs.net\/wp-content\/uploads\/2019\/10\/how-720x90.jpg 720w\" sizes=\"auto, (max-width: 1024px) 100vw, 1024px\" \/><\/figure>\n\n\n\n<h3 class=\"wp-block-heading\">Wie: Mobilfunkgeneration 5G?<\/h3>\n\n\n\n<p>Der 5G-Standard ist eine Weiterentwicklung der Vorg\u00e4ngergeneration 4G. <\/p>\n\n\n\n<p>Die h\u00f6heren \u00dcbertragungsraten und kleinen Latenzzeiten f\u00fcr die Daten\u00fcbertragung werden durch die Verwendung <strong>h\u00f6herer Mobilfunk-Frequenzen<\/strong> auf der Luftschnittstelle erreicht. Die h\u00f6heren Frequenzen f\u00fchren gleichzeitig dazu, dass die Gr\u00f6\u00dfe der Mobilfunkzellen in 5G-Netzen kleiner als bei 4G-Netzen ist. Dies hat im Vergleich zum Vorg\u00e4nger einen signifikant gr\u00f6\u00dferen Bedarf an Sendeanlagen pro abgedeckten Raum zur Folge.   <\/p>\n\n\n\n<p>Die ersten zum Einsatz kommenden <strong>5G-Frequenzen<\/strong> &#8211; prim\u00e4r zwischen 3,4 und 3,7 Gigahertz &#8211; wurden in den letzten zwei Jahren im Rahmen von nationalen Frequenzvergabeverfahren der jeweiligen Regulierungsbeh\u00f6rden an die Mobilfunkbetreiber versteigert (UK April 2018, Italien Oktober 2018, \u00d6sterreich\/Schweiz Februar 2019,  Deutschland M\u00e4rz-Juni 2019). Weitere Frequenzversteigerungen werden folgen resp. wurden bereits durchgef\u00fchrt  &#8211; insbesondere f\u00fcr solche Frequenzen, die f\u00fcr eine Fl\u00e4chenabdeckung besser geeignet sind (2-Gigahertz-Bereich und niedriger). Ein Teil des Spektrums wurde\/wird nicht versteigert, sondern soll Industriefirmen und anderen Unternehmen auf Antrag zugeteilt werden. Langfristig ist der Einsatz von Frequenzen im Bereich von 10 bis 60 Gigahertz angedacht.<\/p>\n\n\n\n<p>Die <strong>Sendeanlagen<\/strong> sind f\u00fcr 5G-Netzte kompakter gebaut als beim 4G-Netzten und haben die Gr\u00f6\u00dfe von WLAN-Modems. Die notwendige Verdichtung der Anlagen f\u00fchrt also nicht zwangsl\u00e4ufig zu mehr zentralen, gro\u00dfz\u00fcgig dimensionierten Sendemasten. Vielmehr werden 5G-Sendeanlagen, sofern sie nicht als Umr\u00fcstung von bereits existierenden 4G-Standorten realisiert werden, voraussichtlich einfach in bestehende Infrastrukturelemente (Masten, Geb\u00e4ude, Ampel) eingebaut.<\/p>\n\n\n\n<p>Anders als beim Vorg\u00e4ngerstandard 4G sind <strong>5G-Antennen <\/strong>&#8222;intelligent&#8220;. Sie erlauben eine spezifische B\u00fcndelung der Ausstrahl- oder Empfangsrichtung auf einen oder mehreren Mobilfunknutzer. Mit dieser Eigenschaft wird die Bandbreite f\u00fcr den einzelnen Benutzer weiter erh\u00f6ht.<\/p>\n\n\n\n<p>Die Implementierung zukunftsf\u00e4higer 5G-L\u00f6sungen setzt aber auch ein ausgesprochen leitungsf\u00e4higes <strong>Glasfaser-Backbone <\/strong>f\u00fcr den Datentransfer von den Sendern zu den Mobilfunkprovidern voraus. In l\u00e4ndlichen Gegenden sind hierf\u00fcr ggf.  auch hochger\u00fcstete Kupferleitungen ausreichend. Fehlende Leitungsverbindungen m\u00fcssen mit Hilfe leistungsstarker Richtfunkstrecken kompensiert werden. <\/p>\n\n\n\n<h4 class=\"wp-block-heading\">Gesundheitsgefahren durch 5G<\/h4>\n\n\n\n<p>Mobilfunk basiert auf Daten\u00fcbertragung mit Hilfe elektromagnetischer Wellen. In Abh\u00e4ngigkeit von der benutzen Frequenz und der Feldst\u00e4rke kann elektromagnetische Strahlung prinzipiell gesundheitsgef\u00e4hrdend sein. Insbesondere gilt energiereiche hochfrequente elektromagnetische Strahlung als krebserregend. <\/p>\n\n\n\n<p>W\u00e4hrend diese Aussagen allgemein anerkannt sind, ist die konkrete Einordnung und Bewertung von Mobilfunkstrahlung, insbesondere f\u00fcr 5G, zwischen Bef\u00fcrwortern und Gegnern umstritten. <\/p>\n\n\n\n<p>Im Vergleich zu 4G (2,6 GHz) kommen bei 5G signifikant h\u00f6here Frequenzen zur Verwendung (3,4 bis 3,7 GHz, ggf. zuk\u00fcnftig noch h\u00f6her). Gleichzeitig ist die Signalst\u00e4rke auf Grund der kleineren Reichweite und der kleineren Funkzellen aber geringer als bei 4G.  Bef\u00fcrworter argumentieren deshalb, dass die Belastung in Summe nicht gr\u00f6\u00dfer als bei 4G sei, geltende Grenzwerte eingehalten w\u00fcrden und negative gesundheitliche Auswirkungen nicht zu erwarten w\u00e4ren. Dieser Argumentation schlie\u00dft sich u.a. das deutsche <strong>Bundesamt f\u00fcr Strahlenschutz<\/strong> an &#8211; wobei dort &#8222;aber auch noch offene  Fragen&#8220; gesehen werden, insbesondere bez\u00fcglich des Einsatzes der sp\u00e4ter vorgesehenen h\u00f6heren Frequenzb\u00e4nder sowie bez\u00fcglich m\u00f6glicher Langzeitwirkungen intensiver Handynutzung insgesamt. <\/p>\n\n\n\n<p>Kritiker stellen dagegen den aktuell geltenden Grenzwert prinzipiell in Frage, da er sich prim\u00e4r nur am &#8222;<strong>thermischen Effekt<\/strong>&#8220; orientiere. Demnach gilt elektromagnetische Strahlung erst dann als sch\u00e4digend, wenn sich K\u00f6rpergewebe bei Einwirkung der Strahlung um mehr als einen Grad erw\u00e4rmt &#8211; eine (20 Jahre alte) Aussage, die m\u00f6glicherweise nicht alle  biologische Effekte elektromagnetischer Strahlung im menschlichen K\u00f6rper umfassend beschreibt, insbesondere hinsichtlich m\u00f6glicher molekularen \u00c4nderungen in Folge einer Langzeiteinwirkung elektromagnetischer Strahlung.  <\/p>\n\n\n\n<p>Die Kritiker sehen sich in Ihrer Auffassung auch durch die Einsch\u00e4tzung der <strong>Internationalen Agentur f\u00fcr Krebsforschung<\/strong>  (IARC, WHO) best\u00e4tigt. Diese hat Handystrahlung  2011 nach Durchsicht &#8222;nahezu s\u00e4mtlicher verf\u00fcgbaren wissenschaftlichen  Belege&#8220;  als &#8222;m\u00f6glicherweise krebserregend&#8220; (possibly carcinogenic)  eingestuft. Begr\u00fcndet wurde diese Einsch\u00e4tzung u.a. mit  Hinweisen auf  ein erh\u00f6htes Auftreten bestimmter Hirntumore (Gliome) bei  Intensiv-Handynutzern.  <\/p>\n\n\n\n<p>Auch argumentieren die Kritiker, dass 5G-Sendeanlagen auf Grund ihrer geringen Baugr\u00f6\u00dfe &#8222;n\u00e4her am Menschen&#8220; installiert werden, so dass diese letztendlich mehr Strahlung abbekommen w\u00fcrden als bei 4G.<\/p>\n\n\n\n<p>Weitgehender Konsens besteht jedenfalls in der Feststellung, dass  Erbinformation in Zellen durch elektromagnetische Felder aus dem Mobilfunkumfeld nicht <em>direkt<\/em> so gesch\u00e4digt wird, dass Krebs entsteht. Der Streit zwischen Bef\u00fcrwortern und Kritikern entz\u00fcndet sich vielmehr an m\u00f6glichen <strong>indirekten Effekten, <\/strong>die das Krebsrisiko ggf. f\u00f6rdern  k\u00f6nnten. Ein solcher indirekter Effekt ist bis heute weder gesichert noch vollst\u00e4ndig und endg\u00fcltig widerlegt. Ebenfalls unumstritten ist, dass Aussagen zu Langfristfolgen von 5G auf den menschlichen K\u00f6rper derzeit noch nicht m\u00f6glich sind, da entsprechenden Studien fehlen.<\/p>\n\n\n\n<figure class=\"wp-block-image\"><img loading=\"lazy\" decoding=\"async\" width=\"968\" height=\"600\" src=\"https:\/\/flexitcs.net\/wp-content\/uploads\/2019\/12\/5g.jpg\" alt=\"\" class=\"wp-image-681\" srcset=\"https:\/\/flexitcs.net\/wp-content\/uploads\/2019\/12\/5g.jpg 968w, https:\/\/flexitcs.net\/wp-content\/uploads\/2019\/12\/5g-300x186.jpg 300w, https:\/\/flexitcs.net\/wp-content\/uploads\/2019\/12\/5g-768x476.jpg 768w, https:\/\/flexitcs.net\/wp-content\/uploads\/2019\/12\/5g-720x446.jpg 720w\" sizes=\"auto, (max-width: 968px) 100vw, 968px\" \/><\/figure>\n","protected":false},"excerpt":{"rendered":"<p>Der kommende Mobilfunkstandard, die Mobilfunkgeneration 5G, wird &#8211; obwohl derzeit noch gar nicht [&hellip;]<\/p>\n","protected":false},"author":1,"featured_media":0,"comment_status":"open","ping_status":"open","sticky":false,"template":"","format":"standard","meta":{"_editorskit_title_hidden":false,"_editorskit_reading_time":5,"_editorskit_is_block_options_detached":false,"_editorskit_block_options_position":"{}","footnotes":""},"categories":[1],"tags":[8],"class_list":["post-398","post","type-post","status-publish","format-standard","hentry","category-uncategorized","tag-5g-iot-internetofthings-digitaltransformation-technology"],"yoast_head":"<!-- This site is optimized with the Yoast SEO plugin v25.9 - https:\/\/yoast.com\/wordpress\/plugins\/seo\/ -->\n<title>Digitalisierung kompakt: Mobilfunkgeneration 5G - Executive Summary<\/title>\n<meta name=\"description\" content=\"Einordnung der wichtigsten Begriffe, Fakten und aktuellen Trends zum kommenden Mobilfunkstandard, der Mobilfunkgeneration 5G: What, Why und How?\" \/>\n<meta name=\"robots\" content=\"index, follow, max-snippet:-1, max-image-preview:large, max-video-preview:-1\" \/>\n<link rel=\"canonical\" href=\"https:\/\/flexitcs.net\/index.php\/mobilfunkgeneration-5g-eine-ubersicht\/\" \/>\n<meta property=\"og:locale\" content=\"de_DE\" \/>\n<meta property=\"og:type\" content=\"article\" \/>\n<meta property=\"og:title\" content=\"Digitalisierung kompakt: Mobilfunkgeneration 5G - Executive Summary\" \/>\n<meta property=\"og:description\" content=\"Einordnung der wichtigsten Begriffe, Fakten und aktuellen Trends zum kommenden Mobilfunkstandard, der Mobilfunkgeneration 5G: What, Why und How?\" \/>\n<meta property=\"og:url\" content=\"https:\/\/flexitcs.net\/index.php\/mobilfunkgeneration-5g-eine-ubersicht\/\" \/>\n<meta property=\"og:site_name\" content=\"Die Digitale Transformation gestalten\" \/>\n<meta property=\"article:published_time\" content=\"2019-10-13T20:50:36+00:00\" \/>\n<meta property=\"article:modified_time\" content=\"2020-02-11T21:51:10+00:00\" \/>\n<meta property=\"og:image\" content=\"https:\/\/flexitcs.net\/wp-content\/uploads\/2019\/10\/what-1024x128.jpg\" \/>\n<meta name=\"author\" content=\"Matthias Bleyl\" \/>\n<meta name=\"twitter:card\" content=\"summary_large_image\" \/>\n<meta name=\"twitter:label1\" content=\"Verfasst von\" \/>\n\t<meta name=\"twitter:data1\" content=\"Matthias Bleyl\" \/>\n\t<meta name=\"twitter:label2\" content=\"Gesch\u00e4tzte Lesezeit\" \/>\n\t<meta name=\"twitter:data2\" content=\"8 Minuten\" \/>\n<script type=\"application\/ld+json\" class=\"yoast-schema-graph\">{\"@context\":\"https:\/\/schema.org\",\"@graph\":[{\"@type\":\"Article\",\"@id\":\"https:\/\/flexitcs.net\/index.php\/mobilfunkgeneration-5g-eine-ubersicht\/#article\",\"isPartOf\":{\"@id\":\"https:\/\/flexitcs.net\/index.php\/mobilfunkgeneration-5g-eine-ubersicht\/\"},\"author\":{\"name\":\"Matthias Bleyl\",\"@id\":\"https:\/\/flexitcs.net\/#\/schema\/person\/bdc6fbae07797fec12d64f79bc4649a7\"},\"headline\":\"Digitalisierung kompakt: Mobilfunkgeneration 5G\",\"datePublished\":\"2019-10-13T20:50:36+00:00\",\"dateModified\":\"2020-02-11T21:51:10+00:00\",\"mainEntityOfPage\":{\"@id\":\"https:\/\/flexitcs.net\/index.php\/mobilfunkgeneration-5g-eine-ubersicht\/\"},\"wordCount\":1639,\"commentCount\":2,\"publisher\":{\"@id\":\"https:\/\/flexitcs.net\/#\/schema\/person\/bdc6fbae07797fec12d64f79bc4649a7\"},\"image\":{\"@id\":\"https:\/\/flexitcs.net\/index.php\/mobilfunkgeneration-5g-eine-ubersicht\/#primaryimage\"},\"thumbnailUrl\":\"https:\/\/flexitcs.net\/wp-content\/uploads\/2019\/10\/what-1024x128.jpg\",\"keywords\":[\"#5g #iot #internetofthings #digitaltransformation #technology\"],\"articleSection\":[\"Uncategorized\"],\"inLanguage\":\"de-AT\",\"potentialAction\":[{\"@type\":\"CommentAction\",\"name\":\"Comment\",\"target\":[\"https:\/\/flexitcs.net\/index.php\/mobilfunkgeneration-5g-eine-ubersicht\/#respond\"]}]},{\"@type\":\"WebPage\",\"@id\":\"https:\/\/flexitcs.net\/index.php\/mobilfunkgeneration-5g-eine-ubersicht\/\",\"url\":\"https:\/\/flexitcs.net\/index.php\/mobilfunkgeneration-5g-eine-ubersicht\/\",\"name\":\"Digitalisierung kompakt: Mobilfunkgeneration 5G - Executive Summary\",\"isPartOf\":{\"@id\":\"https:\/\/flexitcs.net\/#website\"},\"primaryImageOfPage\":{\"@id\":\"https:\/\/flexitcs.net\/index.php\/mobilfunkgeneration-5g-eine-ubersicht\/#primaryimage\"},\"image\":{\"@id\":\"https:\/\/flexitcs.net\/index.php\/mobilfunkgeneration-5g-eine-ubersicht\/#primaryimage\"},\"thumbnailUrl\":\"https:\/\/flexitcs.net\/wp-content\/uploads\/2019\/10\/what-1024x128.jpg\",\"datePublished\":\"2019-10-13T20:50:36+00:00\",\"dateModified\":\"2020-02-11T21:51:10+00:00\",\"description\":\"Einordnung der wichtigsten Begriffe, Fakten und aktuellen Trends zum kommenden Mobilfunkstandard, der Mobilfunkgeneration 5G: What, Why und How?\",\"breadcrumb\":{\"@id\":\"https:\/\/flexitcs.net\/index.php\/mobilfunkgeneration-5g-eine-ubersicht\/#breadcrumb\"},\"inLanguage\":\"de-AT\",\"potentialAction\":[{\"@type\":\"ReadAction\",\"target\":[\"https:\/\/flexitcs.net\/index.php\/mobilfunkgeneration-5g-eine-ubersicht\/\"]}]},{\"@type\":\"ImageObject\",\"inLanguage\":\"de-AT\",\"@id\":\"https:\/\/flexitcs.net\/index.php\/mobilfunkgeneration-5g-eine-ubersicht\/#primaryimage\",\"url\":\"https:\/\/flexitcs.net\/wp-content\/uploads\/2019\/10\/what.jpg\",\"contentUrl\":\"https:\/\/flexitcs.net\/wp-content\/uploads\/2019\/10\/what.jpg\",\"width\":1024,\"height\":128},{\"@type\":\"BreadcrumbList\",\"@id\":\"https:\/\/flexitcs.net\/index.php\/mobilfunkgeneration-5g-eine-ubersicht\/#breadcrumb\",\"itemListElement\":[{\"@type\":\"ListItem\",\"position\":1,\"name\":\"Home\",\"item\":\"https:\/\/flexitcs.net\/\"},{\"@type\":\"ListItem\",\"position\":2,\"name\":\"Digitalisierung kompakt: Mobilfunkgeneration 5G\"}]},{\"@type\":\"WebSite\",\"@id\":\"https:\/\/flexitcs.net\/#website\",\"url\":\"https:\/\/flexitcs.net\/\",\"name\":\"Die Digitale Transformation gestalten\",\"description\":\"Matthias Bleyl\",\"publisher\":{\"@id\":\"https:\/\/flexitcs.net\/#\/schema\/person\/bdc6fbae07797fec12d64f79bc4649a7\"},\"potentialAction\":[{\"@type\":\"SearchAction\",\"target\":{\"@type\":\"EntryPoint\",\"urlTemplate\":\"https:\/\/flexitcs.net\/?s={search_term_string}\"},\"query-input\":{\"@type\":\"PropertyValueSpecification\",\"valueRequired\":true,\"valueName\":\"search_term_string\"}}],\"inLanguage\":\"de-AT\"},{\"@type\":[\"Person\",\"Organization\"],\"@id\":\"https:\/\/flexitcs.net\/#\/schema\/person\/bdc6fbae07797fec12d64f79bc4649a7\",\"name\":\"Matthias Bleyl\",\"image\":{\"@type\":\"ImageObject\",\"inLanguage\":\"de-AT\",\"@id\":\"https:\/\/flexitcs.net\/#\/schema\/person\/image\/\",\"url\":\"https:\/\/secure.gravatar.com\/avatar\/7a172617327e9b00cf870ce0cdc90766e0fbaa1b9d650feae84dea1de566cb33?s=96&d=mm&r=g\",\"contentUrl\":\"https:\/\/secure.gravatar.com\/avatar\/7a172617327e9b00cf870ce0cdc90766e0fbaa1b9d650feae84dea1de566cb33?s=96&d=mm&r=g\",\"caption\":\"Matthias Bleyl\"},\"logo\":{\"@id\":\"https:\/\/flexitcs.net\/#\/schema\/person\/image\/\"}}]}<\/script>\n<!-- \/ Yoast SEO plugin. -->","yoast_head_json":{"title":"Digitalisierung kompakt: Mobilfunkgeneration 5G - Executive Summary","description":"Einordnung der wichtigsten Begriffe, Fakten und aktuellen Trends zum kommenden Mobilfunkstandard, der Mobilfunkgeneration 5G: What, Why und How?","robots":{"index":"index","follow":"follow","max-snippet":"max-snippet:-1","max-image-preview":"max-image-preview:large","max-video-preview":"max-video-preview:-1"},"canonical":"https:\/\/flexitcs.net\/index.php\/mobilfunkgeneration-5g-eine-ubersicht\/","og_locale":"de_DE","og_type":"article","og_title":"Digitalisierung kompakt: Mobilfunkgeneration 5G - Executive Summary","og_description":"Einordnung der wichtigsten Begriffe, Fakten und aktuellen Trends zum kommenden Mobilfunkstandard, der Mobilfunkgeneration 5G: What, Why und How?","og_url":"https:\/\/flexitcs.net\/index.php\/mobilfunkgeneration-5g-eine-ubersicht\/","og_site_name":"Die Digitale Transformation gestalten","article_published_time":"2019-10-13T20:50:36+00:00","article_modified_time":"2020-02-11T21:51:10+00:00","og_image":[{"url":"https:\/\/flexitcs.net\/wp-content\/uploads\/2019\/10\/what-1024x128.jpg","type":"","width":"","height":""}],"author":"Matthias Bleyl","twitter_card":"summary_large_image","twitter_misc":{"Verfasst von":"Matthias Bleyl","Gesch\u00e4tzte Lesezeit":"8 Minuten"},"schema":{"@context":"https:\/\/schema.org","@graph":[{"@type":"Article","@id":"https:\/\/flexitcs.net\/index.php\/mobilfunkgeneration-5g-eine-ubersicht\/#article","isPartOf":{"@id":"https:\/\/flexitcs.net\/index.php\/mobilfunkgeneration-5g-eine-ubersicht\/"},"author":{"name":"Matthias Bleyl","@id":"https:\/\/flexitcs.net\/#\/schema\/person\/bdc6fbae07797fec12d64f79bc4649a7"},"headline":"Digitalisierung kompakt: Mobilfunkgeneration 5G","datePublished":"2019-10-13T20:50:36+00:00","dateModified":"2020-02-11T21:51:10+00:00","mainEntityOfPage":{"@id":"https:\/\/flexitcs.net\/index.php\/mobilfunkgeneration-5g-eine-ubersicht\/"},"wordCount":1639,"commentCount":2,"publisher":{"@id":"https:\/\/flexitcs.net\/#\/schema\/person\/bdc6fbae07797fec12d64f79bc4649a7"},"image":{"@id":"https:\/\/flexitcs.net\/index.php\/mobilfunkgeneration-5g-eine-ubersicht\/#primaryimage"},"thumbnailUrl":"https:\/\/flexitcs.net\/wp-content\/uploads\/2019\/10\/what-1024x128.jpg","keywords":["#5g #iot #internetofthings #digitaltransformation #technology"],"articleSection":["Uncategorized"],"inLanguage":"de-AT","potentialAction":[{"@type":"CommentAction","name":"Comment","target":["https:\/\/flexitcs.net\/index.php\/mobilfunkgeneration-5g-eine-ubersicht\/#respond"]}]},{"@type":"WebPage","@id":"https:\/\/flexitcs.net\/index.php\/mobilfunkgeneration-5g-eine-ubersicht\/","url":"https:\/\/flexitcs.net\/index.php\/mobilfunkgeneration-5g-eine-ubersicht\/","name":"Digitalisierung kompakt: Mobilfunkgeneration 5G - Executive Summary","isPartOf":{"@id":"https:\/\/flexitcs.net\/#website"},"primaryImageOfPage":{"@id":"https:\/\/flexitcs.net\/index.php\/mobilfunkgeneration-5g-eine-ubersicht\/#primaryimage"},"image":{"@id":"https:\/\/flexitcs.net\/index.php\/mobilfunkgeneration-5g-eine-ubersicht\/#primaryimage"},"thumbnailUrl":"https:\/\/flexitcs.net\/wp-content\/uploads\/2019\/10\/what-1024x128.jpg","datePublished":"2019-10-13T20:50:36+00:00","dateModified":"2020-02-11T21:51:10+00:00","description":"Einordnung der wichtigsten Begriffe, Fakten und aktuellen Trends zum kommenden Mobilfunkstandard, der Mobilfunkgeneration 5G: What, Why und How?","breadcrumb":{"@id":"https:\/\/flexitcs.net\/index.php\/mobilfunkgeneration-5g-eine-ubersicht\/#breadcrumb"},"inLanguage":"de-AT","potentialAction":[{"@type":"ReadAction","target":["https:\/\/flexitcs.net\/index.php\/mobilfunkgeneration-5g-eine-ubersicht\/"]}]},{"@type":"ImageObject","inLanguage":"de-AT","@id":"https:\/\/flexitcs.net\/index.php\/mobilfunkgeneration-5g-eine-ubersicht\/#primaryimage","url":"https:\/\/flexitcs.net\/wp-content\/uploads\/2019\/10\/what.jpg","contentUrl":"https:\/\/flexitcs.net\/wp-content\/uploads\/2019\/10\/what.jpg","width":1024,"height":128},{"@type":"BreadcrumbList","@id":"https:\/\/flexitcs.net\/index.php\/mobilfunkgeneration-5g-eine-ubersicht\/#breadcrumb","itemListElement":[{"@type":"ListItem","position":1,"name":"Home","item":"https:\/\/flexitcs.net\/"},{"@type":"ListItem","position":2,"name":"Digitalisierung kompakt: Mobilfunkgeneration 5G"}]},{"@type":"WebSite","@id":"https:\/\/flexitcs.net\/#website","url":"https:\/\/flexitcs.net\/","name":"Die Digitale Transformation gestalten","description":"Matthias Bleyl","publisher":{"@id":"https:\/\/flexitcs.net\/#\/schema\/person\/bdc6fbae07797fec12d64f79bc4649a7"},"potentialAction":[{"@type":"SearchAction","target":{"@type":"EntryPoint","urlTemplate":"https:\/\/flexitcs.net\/?s={search_term_string}"},"query-input":{"@type":"PropertyValueSpecification","valueRequired":true,"valueName":"search_term_string"}}],"inLanguage":"de-AT"},{"@type":["Person","Organization"],"@id":"https:\/\/flexitcs.net\/#\/schema\/person\/bdc6fbae07797fec12d64f79bc4649a7","name":"Matthias Bleyl","image":{"@type":"ImageObject","inLanguage":"de-AT","@id":"https:\/\/flexitcs.net\/#\/schema\/person\/image\/","url":"https:\/\/secure.gravatar.com\/avatar\/7a172617327e9b00cf870ce0cdc90766e0fbaa1b9d650feae84dea1de566cb33?s=96&d=mm&r=g","contentUrl":"https:\/\/secure.gravatar.com\/avatar\/7a172617327e9b00cf870ce0cdc90766e0fbaa1b9d650feae84dea1de566cb33?s=96&d=mm&r=g","caption":"Matthias Bleyl"},"logo":{"@id":"https:\/\/flexitcs.net\/#\/schema\/person\/image\/"}}]}},"_links":{"self":[{"href":"https:\/\/flexitcs.net\/index.php\/wp-json\/wp\/v2\/posts\/398","targetHints":{"allow":["GET"]}}],"collection":[{"href":"https:\/\/flexitcs.net\/index.php\/wp-json\/wp\/v2\/posts"}],"about":[{"href":"https:\/\/flexitcs.net\/index.php\/wp-json\/wp\/v2\/types\/post"}],"author":[{"embeddable":true,"href":"https:\/\/flexitcs.net\/index.php\/wp-json\/wp\/v2\/users\/1"}],"replies":[{"embeddable":true,"href":"https:\/\/flexitcs.net\/index.php\/wp-json\/wp\/v2\/comments?post=398"}],"version-history":[{"count":0,"href":"https:\/\/flexitcs.net\/index.php\/wp-json\/wp\/v2\/posts\/398\/revisions"}],"wp:attachment":[{"href":"https:\/\/flexitcs.net\/index.php\/wp-json\/wp\/v2\/media?parent=398"}],"wp:term":[{"taxonomy":"category","embeddable":true,"href":"https:\/\/flexitcs.net\/index.php\/wp-json\/wp\/v2\/categories?post=398"},{"taxonomy":"post_tag","embeddable":true,"href":"https:\/\/flexitcs.net\/index.php\/wp-json\/wp\/v2\/tags?post=398"}],"curies":[{"name":"wp","href":"https:\/\/api.w.org\/{rel}","templated":true}]}}